{"id":2673,"date":"2025-07-22T12:00:53","date_gmt":"2025-07-22T10:00:53","guid":{"rendered":"https:\/\/bcncompresores.com\/en-que-consiste-la-legalizacion-de-instalaciones-de-aire-comprimido\/"},"modified":"2025-10-27T15:47:13","modified_gmt":"2025-10-27T14:47:13","slug":"legalitzacio-instalacions-aire-comprimit","status":"publish","type":"post","link":"https:\/\/bcncompresores.com\/ca\/legalitzacio-instalacions-aire-comprimit\/","title":{"rendered":"En qu\u00e8 consisteix la legalitzaci\u00f3 d&#8217;instal\u00b7lacions d&#8217;aire comprimit?"},"content":{"rendered":"<div class=\"fusion-fullwidth fullwidth-box fusion-builder-row-1 fusion-flex-container nonhundred-percent-fullwidth non-hundred-percent-height-scrolling\" style=\"--awb-border-radius-top-left:0px;--awb-border-radius-top-right:0px;--awb-border-radius-bottom-right:0px;--awb-border-radius-bottom-left:0px;--awb-flex-wrap:wrap;\" ><div class=\"fusion-builder-row fusion-row fusion-flex-align-items-flex-start fusion-flex-content-wrap\" style=\"max-width:1326px;margin-left: calc(-4% \/ 2 );margin-right: calc(-4% \/ 2 );\"><div class=\"fusion-layout-column fusion_builder_column fusion-builder-column-0 fusion_builder_column_1_1 1_1 fusion-flex-column\" style=\"--awb-bg-size:cover;--awb-width-large:100%;--awb-margin-top-large:0px;--awb-spacing-right-large:1.92%;--awb-margin-bottom-large:20px;--awb-spacing-left-large:1.92%;--awb-width-medium:100%;--awb-spacing-right-medium:1.92%;--awb-spacing-left-medium:1.92%;--awb-width-small:100%;--awb-spacing-right-small:1.92%;--awb-spacing-left-small:1.92%;\"><div class=\"fusion-column-wrapper fusion-flex-justify-content-flex-start fusion-content-layout-column\"><div class=\"fusion-text fusion-text-1\"><p>La legalitzaci\u00f3 d&#8217;instal\u00b7lacions d&#8217;aire comprimit \u00e9s un <strong>proc\u00e9s t\u00e8cnic i administratiu imprescindible<\/strong> per a qualsevol sistema. Garanteix que tots els equips de pressi\u00f3 compleixen amb la normativa vigent i poden operar de forma segura dins d&#8217;una planta ind\u00fastria.<\/p>\n<p>En <strong>BCN Compresores acompanyem a les empreses en tot aquest procediment<\/strong>, des de la instal\u00b7laci\u00f3 o revisi\u00f3 dels equips fins a l&#8217;entrega final del certificat em\u00e8s per a la Generalitat de Catalunya.<\/p>\n<\/div><\/div><\/div><div class=\"fusion-layout-column fusion_builder_column fusion-builder-column-1 fusion_builder_column_1_1 1_1 fusion-flex-column\" style=\"--awb-bg-size:cover;--awb-width-large:100%;--awb-margin-top-large:0px;--awb-spacing-right-large:1.92%;--awb-margin-bottom-large:20px;--awb-spacing-left-large:1.92%;--awb-width-medium:100%;--awb-spacing-right-medium:1.92%;--awb-spacing-left-medium:1.92%;--awb-width-small:100%;--awb-spacing-right-small:1.92%;--awb-spacing-left-small:1.92%;\"><div class=\"fusion-column-wrapper fusion-flex-justify-content-flex-start fusion-content-layout-column\"><div class=\"fusion-title title fusion-title-1 fusion-sep-none fusion-title-center fusion-title-text fusion-title-size-two\" style=\"--awb-margin-top-small:10px;--awb-margin-right-small:0px;--awb-margin-bottom-small:10px;--awb-margin-left-small:0px;\"><h2 class=\"fusion-title-heading title-heading-center fusion-responsive-typography-calculated\" style=\"margin:0;--fontSize:40;line-height:1;\">Qu\u00e8 inclou el proc\u00e9s de legalitzaci\u00f3 d&#8217;instal\u00b7lacions d&#8217;aire comprimit?<\/h2><\/div><div class=\"fusion-text fusion-text-2\"><p>Tota instal\u00b7laci\u00f3 que utilitzi aire comprimit ha de <strong>tenir un Certificat d&#8217;Aire Comprimit EP7 o EP2<\/strong>, a m\u00e9s a m\u00e9s de superar les proves hidroest\u00e0tiques exigides pel Departament d&#8217;Ind\u00fastria. Aquest conjunto de requisits <strong>busca garantir la seguretat<\/strong> dels equips a pressi\u00f3, evitar fuites o sobrepressions, i prolongar la vida \u00fatil dels compressors i dip\u00f2sits.<\/p>\n<p data-pm-slice=\"1 1 &#091;&#093;\">Cada instal\u00b7laci\u00f3 pot incloure equips de diferents capacitats i pressions de treball, d&#8217;aquesta manera, la <strong>documentaci\u00f3 a presentar varia segons les caracter\u00edstiques dels sistemes<\/strong>. \u00c9s fonamental con\u00e8ixer.<\/p>\n<\/div><ul style=\"--awb-iconcolor:var(--awb-color3);--awb-line-height:27.2px;--awb-icon-width:27.2px;--awb-icon-height:27.2px;--awb-icon-margin:11.2px;--awb-content-margin:38.4px;--awb-circlecolor:rgba(0,0,0,0);--awb-circle-yes-font-size:14.08px;\" class=\"fusion-checklist fusion-checklist-1 fusion-checklist-default type-icons\"><li class=\"fusion-li-item\" style=\"\"><span class=\"icon-wrapper circle-yes\"><i class=\"fusion-li-icon fa-angle-right fas\" aria-hidden=\"true\"><\/i><\/span><div class=\"fusion-li-item-content\">\n<p>Pressi\u00f3 del disseny<\/p>\n<\/div><\/li><li class=\"fusion-li-item\" style=\"\"><span class=\"icon-wrapper circle-yes\"><i class=\"fusion-li-icon fa-angle-right fas\" aria-hidden=\"true\"><\/i><\/span><div class=\"fusion-li-item-content\">\n<p>Pressi\u00f3 m\u00e0xima suportada<\/p>\n<\/div><\/li><li class=\"fusion-li-item\" style=\"\"><span class=\"icon-wrapper circle-yes\"><i class=\"fusion-li-icon fa-angle-right fas\" aria-hidden=\"true\"><\/i><\/span><div class=\"fusion-li-item-content\">\n<p>N\u00famero de registre<\/p>\n<\/div><\/li><li class=\"fusion-li-item\" style=\"\"><span class=\"icon-wrapper circle-yes\"><i class=\"fusion-li-icon fa-angle-right fas\" aria-hidden=\"true\"><\/i><\/span><div class=\"fusion-li-item-content\">Data de la primera prova<\/div><\/li><\/ul><div class=\"fusion-text fusion-text-3\" style=\"--awb-margin-top:20px;\"><p>En <strong>BCN Compresores<\/strong> realitzem totes les gestions necess\u00e0ries per a legalitzar els equips, incloses la inspecci\u00f3 t\u00e8cnica, la preparaci\u00f3 de la documentaci\u00f3 i la tramitaci\u00f3 en Ind\u00fastria. Una vegada completat el proc\u00e9s, la instal\u00b7laci\u00f3 rep una <strong>xapa de registre oficial<\/strong>, que acredita la seva conformitat amb la normativa, aix\u00f2 com la informaci\u00f3 mencionada anteriorment.<\/p>\n<\/div><\/div><\/div><div class=\"fusion-layout-column fusion_builder_column fusion-builder-column-2 fusion_builder_column_1_1 1_1 fusion-flex-column\" style=\"--awb-bg-size:cover;--awb-width-large:100%;--awb-margin-top-large:0px;--awb-spacing-right-large:1.92%;--awb-margin-bottom-large:20px;--awb-spacing-left-large:1.92%;--awb-width-medium:100%;--awb-spacing-right-medium:1.92%;--awb-spacing-left-medium:1.92%;--awb-width-small:100%;--awb-spacing-right-small:1.92%;--awb-spacing-left-small:1.92%;\"><div class=\"fusion-column-wrapper fusion-flex-justify-content-flex-start fusion-content-layout-column\"><div class=\"fusion-title title fusion-title-2 fusion-sep-none fusion-title-center fusion-title-text fusion-title-size-three\" style=\"--awb-margin-top-small:10px;--awb-margin-right-small:0px;--awb-margin-bottom-small:10px;--awb-margin-left-small:0px;\"><h3 class=\"fusion-title-heading title-heading-center fusion-responsive-typography-calculated\" style=\"margin:0;--fontSize:35;line-height:var(--awb-typography1-line-height);\">Tasques de manteniment claus per a sistemes<\/h3><\/div><div class=\"fusion-text fusion-text-4\"><p>La legalitzaci\u00f3 no \u00e9s un tr\u00e0mit puntual, sin\u00f3 un punt de partida per al manteniment preventiu de compressors i la supervisi\u00f3 de les condicions de treball.<\/p>\n<p>Un sistema correctament mantingut conserva la seva pressi\u00f3 de servei i evita fuites que comprometen la seguretat i el consum el\u00e8ctric. De fet, una pressi\u00f3 mal calibrada pot incrementar el consum energ\u00e8tic fins a un 10%, motiu pel qual molts responsables de manteniment opten per compressors <a href=\"https:\/\/bcncompresores.com\/ca\/compressors-aire-de-baix-consum\/\">d&#8217;estalvi energ\u00e8tic<\/a> o de velocitat variable que optimitzen la producci\u00f3 d&#8217;aire.<\/p>\n<p>El control de la qualitat de l&#8217;aire tamb\u00e9 resulta decisiu. La pres\u00e8ncia d&#8217;humitat o part\u00edcules s\u00f2lides afecta el rendiment i pot invalidar una certificaci\u00f3 si no es t\u00e9 <a href=\"https:\/\/bcncompresores.com\/ca\/assecadors-aire\/\">assecadors d&#8217;aire comprimit adequats<\/a>. Mantenir el sistema net i dins dels par\u00e0metres legals no sols garanteix el compliment normatiu, sin\u00f3 que tamb\u00e9 allarga la vida \u00fatil dels equips.<\/p>\n<\/div><\/div><\/div><div class=\"fusion-layout-column fusion_builder_column fusion-builder-column-3 fusion_builder_column_1_1 1_1 fusion-flex-column\" style=\"--awb-bg-size:cover;--awb-width-large:100%;--awb-margin-top-large:0px;--awb-spacing-right-large:1.92%;--awb-margin-bottom-large:20px;--awb-spacing-left-large:1.92%;--awb-width-medium:100%;--awb-order-medium:0;--awb-spacing-right-medium:1.92%;--awb-spacing-left-medium:1.92%;--awb-width-small:100%;--awb-order-small:0;--awb-spacing-right-small:1.92%;--awb-spacing-left-small:1.92%;\"><div class=\"fusion-column-wrapper fusion-column-has-shadow fusion-flex-justify-content-flex-start fusion-content-layout-column\"><div class=\"fusion-text fusion-text-5\"><p>En resum, <strong>\u00e9s crucial que tot el sistema tingui una legalitzaci\u00f3<\/strong> d&#8217;aire comprimit per a complir amb la llei i anticipar-se a possibles danys amb els programes de revisi\u00f3 i manteniment.<\/p>\n<p>Si desitja m\u00e9s informaci\u00f3 o necessita <a href=\"https:\/\/bcncompresores.com\/ca\/especialistes-en-aire-comprimit-industrial\/legalitzacio-installacions-aire-comprimit\/\">legalitzar un sistema d&#8217;aire comprimit<\/a>, posis en contacte amb el nostre equip.<\/p>\n<\/div><div style=\"text-align:center;\"><a class=\"fusion-button button-flat fusion-button-default-size button-default fusion-button-default button-1 fusion-button-default-span fusion-button-default-type\" target=\"_blank\" rel=\"noopener noreferrer\" href=\"\/ca\/maquinaria-tractament-aire\/\"><span class=\"fusion-button-text awb-button__text awb-button__text--default\">Contacte<\/span><\/a><\/div><\/div><\/div><\/div><\/div>\n","protected":false},"excerpt":{"rendered":"","protected":false},"author":1,"featured_media":1508,"comment_status":"closed","ping_status":"closed","sticky":false,"template":"","format":"standard","meta":{"footnotes":""},"categories":[35],"tags":[],"class_list":["post-2673","post","type-post","status-publish","format-standard","has-post-thumbnail","hentry","category-tractaments-aire"],"yoast_head":"<!-- This site is optimized with the Yoast SEO plugin v27.4 - https:\/\/yoast.com\/product\/yoast-seo-wordpress\/ -->\n<title>Legalitzaci\u00f3 d&#039;instal\u00b7lacions d&#039;aire comprimit - BCN Compresores<\/title>\n<meta name=\"description\" content=\"\u00c9s crucial que els sistemes tinguin la seva legalitzaci\u00f3 d&#039;instal\u00b7laci\u00f3 d&#039;aire comprimit per a complir la llei i evitar problemes.\" \/>\n<meta name=\"robots\" content=\"index, follow, max-snippet:-1, max-image-preview:large, max-video-preview:-1\" \/>\n<link rel=\"canonical\" href=\"https:\/\/bcncompresores.com\/ca\/legalitzacio-instalacions-aire-comprimit\/\" \/>\n<meta property=\"og:locale\" content=\"ca_ES\" \/>\n<meta property=\"og:type\" content=\"article\" \/>\n<meta property=\"og:title\" content=\"Legalitzaci\u00f3 d&#039;instal\u00b7lacions d&#039;aire comprimit - BCN Compresores\" \/>\n<meta property=\"og:description\" content=\"\u00c9s crucial que els sistemes tinguin la seva legalitzaci\u00f3 d&#039;instal\u00b7laci\u00f3 d&#039;aire comprimit per a complir la llei i evitar problemes.\" \/>\n<meta property=\"og:url\" content=\"https:\/\/bcncompresores.com\/ca\/legalitzacio-instalacions-aire-comprimit\/\" \/>\n<meta property=\"og:site_name\" content=\"Barcelona Compresores - Maquinaria para el aire comprimido\" \/>\n<meta property=\"article:published_time\" content=\"2025-07-22T10:00:53+00:00\" \/>\n<meta property=\"article:modified_time\" content=\"2025-10-27T14:47:13+00:00\" \/>\n<meta property=\"og:image\" content=\"https:\/\/bcncompresores.com\/wp-content\/uploads\/Legalizacion-de-instalaciones-de-aire-comprimido-destacada.webp\" \/>\n\t<meta property=\"og:image:width\" content=\"376\" \/>\n\t<meta property=\"og:image:height\" content=\"446\" \/>\n\t<meta property=\"og:image:type\" content=\"image\/webp\" \/>\n<meta name=\"author\" content=\"BCN Compresores\" \/>\n<meta name=\"twitter:card\" content=\"summary_large_image\" \/>\n<meta name=\"twitter:label1\" content=\"Escrit per\" \/>\n\t<meta name=\"twitter:data1\" content=\"BCN Compresores\" \/>\n\t<meta name=\"twitter:label2\" content=\"Temps estimat de lectura\" \/>\n\t<meta name=\"twitter:data2\" content=\"3 minuts\" \/>\n<script type=\"application\/ld+json\" class=\"yoast-schema-graph\">{\"@context\":\"https:\\\/\\\/schema.org\",\"@graph\":[{\"@type\":\"Article\",\"@id\":\"https:\\\/\\\/bcncompresores.com\\\/ca\\\/legalitzacio-instalacions-aire-comprimit\\\/#article\",\"isPartOf\":{\"@id\":\"https:\\\/\\\/bcncompresores.com\\\/ca\\\/legalitzacio-instalacions-aire-comprimit\\\/\"},\"author\":{\"name\":\"BCN Compresores\",\"@id\":\"https:\\\/\\\/bcncompresores.com\\\/ca\\\/#\\\/schema\\\/person\\\/65a920948f3aa39cee86e58345477bc6\"},\"headline\":\"En qu\u00e8 consisteix la legalitzaci\u00f3 d&#8217;instal\u00b7lacions d&#8217;aire comprimit?\",\"datePublished\":\"2025-07-22T10:00:53+00:00\",\"dateModified\":\"2025-10-27T14:47:13+00:00\",\"mainEntityOfPage\":{\"@id\":\"https:\\\/\\\/bcncompresores.com\\\/ca\\\/legalitzacio-instalacions-aire-comprimit\\\/\"},\"wordCount\":2770,\"image\":{\"@id\":\"https:\\\/\\\/bcncompresores.com\\\/ca\\\/legalitzacio-instalacions-aire-comprimit\\\/#primaryimage\"},\"thumbnailUrl\":\"https:\\\/\\\/bcncompresores.com\\\/wp-content\\\/uploads\\\/Legalizacion-de-instalaciones-de-aire-comprimido-destacada.webp\",\"articleSection\":[\"Tractaments d'aire\"],\"inLanguage\":\"ca\"},{\"@type\":\"WebPage\",\"@id\":\"https:\\\/\\\/bcncompresores.com\\\/ca\\\/legalitzacio-instalacions-aire-comprimit\\\/\",\"url\":\"https:\\\/\\\/bcncompresores.com\\\/ca\\\/legalitzacio-instalacions-aire-comprimit\\\/\",\"name\":\"Legalitzaci\u00f3 d'instal\u00b7lacions d'aire comprimit - BCN Compresores\",\"isPartOf\":{\"@id\":\"https:\\\/\\\/bcncompresores.com\\\/ca\\\/#website\"},\"primaryImageOfPage\":{\"@id\":\"https:\\\/\\\/bcncompresores.com\\\/ca\\\/legalitzacio-instalacions-aire-comprimit\\\/#primaryimage\"},\"image\":{\"@id\":\"https:\\\/\\\/bcncompresores.com\\\/ca\\\/legalitzacio-instalacions-aire-comprimit\\\/#primaryimage\"},\"thumbnailUrl\":\"https:\\\/\\\/bcncompresores.com\\\/wp-content\\\/uploads\\\/Legalizacion-de-instalaciones-de-aire-comprimido-destacada.webp\",\"datePublished\":\"2025-07-22T10:00:53+00:00\",\"dateModified\":\"2025-10-27T14:47:13+00:00\",\"author\":{\"@id\":\"https:\\\/\\\/bcncompresores.com\\\/ca\\\/#\\\/schema\\\/person\\\/65a920948f3aa39cee86e58345477bc6\"},\"description\":\"\u00c9s crucial que els sistemes tinguin la seva legalitzaci\u00f3 d'instal\u00b7laci\u00f3 d'aire comprimit per a complir la llei i evitar problemes.\",\"breadcrumb\":{\"@id\":\"https:\\\/\\\/bcncompresores.com\\\/ca\\\/legalitzacio-instalacions-aire-comprimit\\\/#breadcrumb\"},\"inLanguage\":\"ca\",\"potentialAction\":[{\"@type\":\"ReadAction\",\"target\":[\"https:\\\/\\\/bcncompresores.com\\\/ca\\\/legalitzacio-instalacions-aire-comprimit\\\/\"]}]},{\"@type\":\"ImageObject\",\"inLanguage\":\"ca\",\"@id\":\"https:\\\/\\\/bcncompresores.com\\\/ca\\\/legalitzacio-instalacions-aire-comprimit\\\/#primaryimage\",\"url\":\"https:\\\/\\\/bcncompresores.com\\\/wp-content\\\/uploads\\\/Legalizacion-de-instalaciones-de-aire-comprimido-destacada.webp\",\"contentUrl\":\"https:\\\/\\\/bcncompresores.com\\\/wp-content\\\/uploads\\\/Legalizacion-de-instalaciones-de-aire-comprimido-destacada.webp\",\"width\":376,\"height\":446,\"caption\":\"Legalizaci\u00f3n de instalaciones de aire comprimido\"},{\"@type\":\"BreadcrumbList\",\"@id\":\"https:\\\/\\\/bcncompresores.com\\\/ca\\\/legalitzacio-instalacions-aire-comprimit\\\/#breadcrumb\",\"itemListElement\":[{\"@type\":\"ListItem\",\"position\":1,\"name\":\"Portada\",\"item\":\"https:\\\/\\\/bcncompresores.com\\\/ca\\\/\"},{\"@type\":\"ListItem\",\"position\":2,\"name\":\"En qu\u00e8 consisteix la legalitzaci\u00f3 d&#8217;instal\u00b7lacions d&#8217;aire comprimit?\"}]},{\"@type\":\"WebSite\",\"@id\":\"https:\\\/\\\/bcncompresores.com\\\/ca\\\/#website\",\"url\":\"https:\\\/\\\/bcncompresores.com\\\/ca\\\/\",\"name\":\"Barcelona Compresores - Maquinaria para el aire comprimido\",\"description\":\"Barcelona Compresores ofrece servicios globales de compresores y maquinaria para el aire comprimido: maquinaria nueva, maquinaria de ocasi\u00f3n y servicio t\u00e9cnico.\",\"potentialAction\":[{\"@type\":\"SearchAction\",\"target\":{\"@type\":\"EntryPoint\",\"urlTemplate\":\"https:\\\/\\\/bcncompresores.com\\\/ca\\\/?s={search_term_string}\"},\"query-input\":{\"@type\":\"PropertyValueSpecification\",\"valueRequired\":true,\"valueName\":\"search_term_string\"}}],\"inLanguage\":\"ca\"},{\"@type\":\"Person\",\"@id\":\"https:\\\/\\\/bcncompresores.com\\\/ca\\\/#\\\/schema\\\/person\\\/65a920948f3aa39cee86e58345477bc6\",\"name\":\"BCN Compresores\",\"sameAs\":[\"https:\\\/\\\/bcncompresores.com\"],\"url\":\"https:\\\/\\\/bcncompresores.com\\\/ca\\\/author\\\/bcn-compresores\\\/\"}]}<\/script>\n<!-- \/ Yoast SEO plugin. -->","yoast_head_json":{"title":"Legalitzaci\u00f3 d'instal\u00b7lacions d'aire comprimit - BCN Compresores","description":"\u00c9s crucial que els sistemes tinguin la seva legalitzaci\u00f3 d'instal\u00b7laci\u00f3 d'aire comprimit per a complir la llei i evitar problemes.","robots":{"index":"index","follow":"follow","max-snippet":"max-snippet:-1","max-image-preview":"max-image-preview:large","max-video-preview":"max-video-preview:-1"},"canonical":"https:\/\/bcncompresores.com\/ca\/legalitzacio-instalacions-aire-comprimit\/","og_locale":"ca_ES","og_type":"article","og_title":"Legalitzaci\u00f3 d'instal\u00b7lacions d'aire comprimit - BCN Compresores","og_description":"\u00c9s crucial que els sistemes tinguin la seva legalitzaci\u00f3 d'instal\u00b7laci\u00f3 d'aire comprimit per a complir la llei i evitar problemes.","og_url":"https:\/\/bcncompresores.com\/ca\/legalitzacio-instalacions-aire-comprimit\/","og_site_name":"Barcelona Compresores - Maquinaria para el aire comprimido","article_published_time":"2025-07-22T10:00:53+00:00","article_modified_time":"2025-10-27T14:47:13+00:00","og_image":[{"width":376,"height":446,"url":"https:\/\/bcncompresores.com\/wp-content\/uploads\/Legalizacion-de-instalaciones-de-aire-comprimido-destacada.webp","type":"image\/webp"}],"author":"BCN Compresores","twitter_card":"summary_large_image","twitter_misc":{"Escrit per":"BCN Compresores","Temps estimat de lectura":"3 minuts"},"schema":{"@context":"https:\/\/schema.org","@graph":[{"@type":"Article","@id":"https:\/\/bcncompresores.com\/ca\/legalitzacio-instalacions-aire-comprimit\/#article","isPartOf":{"@id":"https:\/\/bcncompresores.com\/ca\/legalitzacio-instalacions-aire-comprimit\/"},"author":{"name":"BCN Compresores","@id":"https:\/\/bcncompresores.com\/ca\/#\/schema\/person\/65a920948f3aa39cee86e58345477bc6"},"headline":"En qu\u00e8 consisteix la legalitzaci\u00f3 d&#8217;instal\u00b7lacions d&#8217;aire comprimit?","datePublished":"2025-07-22T10:00:53+00:00","dateModified":"2025-10-27T14:47:13+00:00","mainEntityOfPage":{"@id":"https:\/\/bcncompresores.com\/ca\/legalitzacio-instalacions-aire-comprimit\/"},"wordCount":2770,"image":{"@id":"https:\/\/bcncompresores.com\/ca\/legalitzacio-instalacions-aire-comprimit\/#primaryimage"},"thumbnailUrl":"https:\/\/bcncompresores.com\/wp-content\/uploads\/Legalizacion-de-instalaciones-de-aire-comprimido-destacada.webp","articleSection":["Tractaments d'aire"],"inLanguage":"ca"},{"@type":"WebPage","@id":"https:\/\/bcncompresores.com\/ca\/legalitzacio-instalacions-aire-comprimit\/","url":"https:\/\/bcncompresores.com\/ca\/legalitzacio-instalacions-aire-comprimit\/","name":"Legalitzaci\u00f3 d'instal\u00b7lacions d'aire comprimit - BCN Compresores","isPartOf":{"@id":"https:\/\/bcncompresores.com\/ca\/#website"},"primaryImageOfPage":{"@id":"https:\/\/bcncompresores.com\/ca\/legalitzacio-instalacions-aire-comprimit\/#primaryimage"},"image":{"@id":"https:\/\/bcncompresores.com\/ca\/legalitzacio-instalacions-aire-comprimit\/#primaryimage"},"thumbnailUrl":"https:\/\/bcncompresores.com\/wp-content\/uploads\/Legalizacion-de-instalaciones-de-aire-comprimido-destacada.webp","datePublished":"2025-07-22T10:00:53+00:00","dateModified":"2025-10-27T14:47:13+00:00","author":{"@id":"https:\/\/bcncompresores.com\/ca\/#\/schema\/person\/65a920948f3aa39cee86e58345477bc6"},"description":"\u00c9s crucial que els sistemes tinguin la seva legalitzaci\u00f3 d'instal\u00b7laci\u00f3 d'aire comprimit per a complir la llei i evitar problemes.","breadcrumb":{"@id":"https:\/\/bcncompresores.com\/ca\/legalitzacio-instalacions-aire-comprimit\/#breadcrumb"},"inLanguage":"ca","potentialAction":[{"@type":"ReadAction","target":["https:\/\/bcncompresores.com\/ca\/legalitzacio-instalacions-aire-comprimit\/"]}]},{"@type":"ImageObject","inLanguage":"ca","@id":"https:\/\/bcncompresores.com\/ca\/legalitzacio-instalacions-aire-comprimit\/#primaryimage","url":"https:\/\/bcncompresores.com\/wp-content\/uploads\/Legalizacion-de-instalaciones-de-aire-comprimido-destacada.webp","contentUrl":"https:\/\/bcncompresores.com\/wp-content\/uploads\/Legalizacion-de-instalaciones-de-aire-comprimido-destacada.webp","width":376,"height":446,"caption":"Legalizaci\u00f3n de instalaciones de aire comprimido"},{"@type":"BreadcrumbList","@id":"https:\/\/bcncompresores.com\/ca\/legalitzacio-instalacions-aire-comprimit\/#breadcrumb","itemListElement":[{"@type":"ListItem","position":1,"name":"Portada","item":"https:\/\/bcncompresores.com\/ca\/"},{"@type":"ListItem","position":2,"name":"En qu\u00e8 consisteix la legalitzaci\u00f3 d&#8217;instal\u00b7lacions d&#8217;aire comprimit?"}]},{"@type":"WebSite","@id":"https:\/\/bcncompresores.com\/ca\/#website","url":"https:\/\/bcncompresores.com\/ca\/","name":"Barcelona Compresores - Maquinaria para el aire comprimido","description":"Barcelona Compresores ofrece servicios globales de compresores y maquinaria para el aire comprimido: maquinaria nueva, maquinaria de ocasi\u00f3n y servicio t\u00e9cnico.","potentialAction":[{"@type":"SearchAction","target":{"@type":"EntryPoint","urlTemplate":"https:\/\/bcncompresores.com\/ca\/?s={search_term_string}"},"query-input":{"@type":"PropertyValueSpecification","valueRequired":true,"valueName":"search_term_string"}}],"inLanguage":"ca"},{"@type":"Person","@id":"https:\/\/bcncompresores.com\/ca\/#\/schema\/person\/65a920948f3aa39cee86e58345477bc6","name":"BCN Compresores","sameAs":["https:\/\/bcncompresores.com"],"url":"https:\/\/bcncompresores.com\/ca\/author\/bcn-compresores\/"}]}},"_links":{"self":[{"href":"https:\/\/bcncompresores.com\/ca\/wp-json\/wp\/v2\/posts\/2673","targetHints":{"allow":["GET"]}}],"collection":[{"href":"https:\/\/bcncompresores.com\/ca\/wp-json\/wp\/v2\/posts"}],"about":[{"href":"https:\/\/bcncompresores.com\/ca\/wp-json\/wp\/v2\/types\/post"}],"author":[{"embeddable":true,"href":"https:\/\/bcncompresores.com\/ca\/wp-json\/wp\/v2\/users\/1"}],"replies":[{"embeddable":true,"href":"https:\/\/bcncompresores.com\/ca\/wp-json\/wp\/v2\/comments?post=2673"}],"version-history":[{"count":2,"href":"https:\/\/bcncompresores.com\/ca\/wp-json\/wp\/v2\/posts\/2673\/revisions"}],"predecessor-version":[{"id":2675,"href":"https:\/\/bcncompresores.com\/ca\/wp-json\/wp\/v2\/posts\/2673\/revisions\/2675"}],"wp:featuredmedia":[{"embeddable":true,"href":"https:\/\/bcncompresores.com\/ca\/wp-json\/wp\/v2\/media\/1508"}],"wp:attachment":[{"href":"https:\/\/bcncompresores.com\/ca\/wp-json\/wp\/v2\/media?parent=2673"}],"wp:term":[{"taxonomy":"category","embeddable":true,"href":"https:\/\/bcncompresores.com\/ca\/wp-json\/wp\/v2\/categories?post=2673"},{"taxonomy":"post_tag","embeddable":true,"href":"https:\/\/bcncompresores.com\/ca\/wp-json\/wp\/v2\/tags?post=2673"}],"curies":[{"name":"wp","href":"https:\/\/api.w.org\/{rel}","templated":true}]}}